{"id":8241,"date":"2023-09-04T08:36:00","date_gmt":"2023-09-04T07:36:00","guid":{"rendered":"http:\/\/www.aranyjanos.edu.rs\/sr\/?p=8241"},"modified":"2025-10-01T08:37:57","modified_gmt":"2025-10-01T07:37:57","slug":"cudesni-kutci-na-cudesnim-mestima","status":"publish","type":"post","link":"http:\/\/www.aranyjanos.edu.rs\/sr\/2023\/09\/cudesni-kutci-na-cudesnim-mestima\/","title":{"rendered":"&#8222;\u010cudesni kutci&#8220; na \u010dudesnim mestima"},"content":{"rendered":"\n<p>U Temerinu su sve\u010dano uru\u010deni \u201e\u010cudesni kutak\u201c poklon-paketi. Ukupno 19 paketa podeljeno je 14 obrazovnih ustanova u Vojvodini i njihovim izdvojenim odeljenjima. Poklone je osvojilo 37 \u0111aka za svoje ustanove. Sve\u010danu dodelu organizovala je O\u0160 \u201eImre Kokai\u201c u Temerinu, uz podr\u0161ku Ma\u0111arskog nacionalnog saveta i Vlade Ma\u0111arske.<\/p>\n","protected":false},"excerpt":{"rendered":"<p>U Temerinu su sve\u010dano uru\u010deni \u201e\u010cudesni kutak\u201c poklon-paketi. Ukupno 19 paketa podeljeno je 14 obrazovnih ustanova u Vojvodini i njihovim izdvojenim odeljenjima. Poklone je osvojilo 37 \u0111aka za svoje ustanove. Sve\u010danu dodelu organizovala je O\u0160 \u201eImre Kokai\u201c u Temerinu, uz podr\u0161ku Ma\u0111arskog nacionalnog saveta i Vlade Ma\u0111arske.<\/p>\n","protected":false},"author":29,"featured_media":8242,"comment_status":"closed","ping_status":"closed","sticky":false,"template":"","format":"standard","meta":{"ngg_post_thumbnail":0,"footnotes":"","_links_to":"","_links_to_target":""},"categories":[1],"tags":[],"class_list":["post-8241","post","type-post","status-publish","format-standard","has-post-thumbnail","hentry","category-esemenyek","item-wrap"],"_links":{"self":[{"href":"http:\/\/www.aranyjanos.edu.rs\/sr\/wp-json\/wp\/v2\/posts\/8241","targetHints":{"allow":["GET"]}}],"collection":[{"href":"http:\/\/www.aranyjanos.edu.rs\/sr\/wp-json\/wp\/v2\/posts"}],"about":[{"href":"http:\/\/www.aranyjanos.edu.rs\/sr\/wp-json\/wp\/v2\/types\/post"}],"author":[{"embeddable":true,"href":"http:\/\/www.aranyjanos.edu.rs\/sr\/wp-json\/wp\/v2\/users\/29"}],"replies":[{"embeddable":true,"href":"http:\/\/www.aranyjanos.edu.rs\/sr\/wp-json\/wp\/v2\/comments?post=8241"}],"version-history":[{"count":1,"href":"http:\/\/www.aranyjanos.edu.rs\/sr\/wp-json\/wp\/v2\/posts\/8241\/revisions"}],"predecessor-version":[{"id":8243,"href":"http:\/\/www.aranyjanos.edu.rs\/sr\/wp-json\/wp\/v2\/posts\/8241\/revisions\/8243"}],"wp:featuredmedia":[{"embeddable":true,"href":"http:\/\/www.aranyjanos.edu.rs\/sr\/wp-json\/wp\/v2\/media\/8242"}],"wp:attachment":[{"href":"http:\/\/www.aranyjanos.edu.rs\/sr\/wp-json\/wp\/v2\/media?parent=8241"}],"wp:term":[{"taxonomy":"category","embeddable":true,"href":"http:\/\/www.aranyjanos.edu.rs\/sr\/wp-json\/wp\/v2\/categories?post=8241"},{"taxonomy":"post_tag","embeddable":true,"href":"http:\/\/www.aranyjanos.edu.rs\/sr\/wp-json\/wp\/v2\/tags?post=8241"}],"curies":[{"name":"wp","href":"https:\/\/api.w.org\/{rel}","templated":true}]}}