{"id":8239,"date":"2023-09-04T08:33:00","date_gmt":"2023-09-04T07:33:00","guid":{"rendered":"http:\/\/www.aranyjanos.edu.rs\/sr\/?p=8239"},"modified":"2025-10-01T08:35:59","modified_gmt":"2025-10-01T07:35:59","slug":"bili-smo-na-predstavi-janos-vitez","status":"publish","type":"post","link":"http:\/\/www.aranyjanos.edu.rs\/sr\/2023\/09\/bili-smo-na-predstavi-janos-vitez\/","title":{"rendered":"Bili smo na predstavi &#8222;Jano\u0161 vitez&#8220;"},"content":{"rendered":"\n<p>Prvog septembra u\u010denici ni\u017eih (3\u20134.) i vi\u0161ih razreda (5\u20136.) na\u0161e \u0161kole u\u010destvovali su u plesno-scenskoj predstavi u okviru 71. Kanji\u0161kog knji\u017eevnog kampa. Plesa\u010di su izveli delo \u201eJano\u0161 vitez\u201c \u0160andora Petefija.<\/p>\n\n\n\n<div class=\"wp-block-buttons is-content-justification-center is-layout-flex wp-container-core-buttons-is-layout-16018d1d wp-block-buttons-is-layout-flex\">\n<div class=\"wp-block-button\"><a class=\"wp-block-button__link has-background wp-element-button\" href=\"https:\/\/photos.app.goo.gl\/dMJiHeTotBBrJmFo7\" style=\"background-color:#681f0d\">Slike<\/a><\/div>\n<\/div>\n\n\n\n<p><\/p>\n","protected":false},"excerpt":{"rendered":"<p>Prvog septembra u\u010denici ni\u017eih (3\u20134.) i vi\u0161ih razreda (5\u20136.) na\u0161e \u0161kole u\u010destvovali su u plesno-scenskoj predstavi u okviru 71. Kanji\u0161kog knji\u017eevnog kampa. Plesa\u010di su izveli delo \u201eJano\u0161 vitez\u201c \u0160andora Petefija.<\/p>\n","protected":false},"author":29,"featured_media":7512,"comment_status":"closed","ping_status":"closed","sticky":false,"template":"","format":"standard","meta":{"ngg_post_thumbnail":0,"footnotes":"","_links_to":"","_links_to_target":""},"categories":[1],"tags":[],"class_list":["post-8239","post","type-post","status-publish","format-standard","has-post-thumbnail","hentry","category-esemenyek","item-wrap"],"_links":{"self":[{"href":"http:\/\/www.aranyjanos.edu.rs\/sr\/wp-json\/wp\/v2\/posts\/8239","targetHints":{"allow":["GET"]}}],"collection":[{"href":"http:\/\/www.aranyjanos.edu.rs\/sr\/wp-json\/wp\/v2\/posts"}],"about":[{"href":"http:\/\/www.aranyjanos.edu.rs\/sr\/wp-json\/wp\/v2\/types\/post"}],"author":[{"embeddable":true,"href":"http:\/\/www.aranyjanos.edu.rs\/sr\/wp-json\/wp\/v2\/users\/29"}],"replies":[{"embeddable":true,"href":"http:\/\/www.aranyjanos.edu.rs\/sr\/wp-json\/wp\/v2\/comments?post=8239"}],"version-history":[{"count":1,"href":"http:\/\/www.aranyjanos.edu.rs\/sr\/wp-json\/wp\/v2\/posts\/8239\/revisions"}],"predecessor-version":[{"id":8240,"href":"http:\/\/www.aranyjanos.edu.rs\/sr\/wp-json\/wp\/v2\/posts\/8239\/revisions\/8240"}],"wp:featuredmedia":[{"embeddable":true,"href":"http:\/\/www.aranyjanos.edu.rs\/sr\/wp-json\/wp\/v2\/media\/7512"}],"wp:attachment":[{"href":"http:\/\/www.aranyjanos.edu.rs\/sr\/wp-json\/wp\/v2\/media?parent=8239"}],"wp:term":[{"taxonomy":"category","embeddable":true,"href":"http:\/\/www.aranyjanos.edu.rs\/sr\/wp-json\/wp\/v2\/categories?post=8239"},{"taxonomy":"post_tag","embeddable":true,"href":"http:\/\/www.aranyjanos.edu.rs\/sr\/wp-json\/wp\/v2\/tags?post=8239"}],"curies":[{"name":"wp","href":"https:\/\/api.w.org\/{rel}","templated":true}]}}