{"id":8230,"date":"2023-10-19T08:21:00","date_gmt":"2023-10-19T07:21:00","guid":{"rendered":"http:\/\/www.aranyjanos.edu.rs\/sr\/?p=8230"},"modified":"2025-10-01T08:24:17","modified_gmt":"2025-10-01T07:24:17","slug":"dan-tolerancije-medju-narodima","status":"publish","type":"post","link":"http:\/\/www.aranyjanos.edu.rs\/sr\/2023\/10\/dan-tolerancije-medju-narodima\/","title":{"rendered":"Dan tolerancije me\u0111u narodima"},"content":{"rendered":"\n<p>\u201eU\u010dimo jezike na\u0161e sredine. Susret zajedni\u0161tva i tolerancije.\u201c Ekskurzija u Totovom Selu. Na\u0161a \u0161kola je i ove \u0161kolske godine dobila priliku da neguje toleranciju me\u0111u narodima i u\u010denje jezika jednih drugih. 12. oktobra 2023. u\u010denici i nastavnici iz Totovog Sela ugostili su ni\u017ee razrede izdvojenog odeljenja O\u0160 \u201eSveti Sava\u201c iz Subotice (Bikovo), kao i ni\u017ee razrede iz Tre\u0161njevca i Oroma. 135 u\u010denika posetilo je Etno-ku\u0107u i Mini park Vojvodine. Potom su u\u010denici 3. i 4. razreda mogli da nau\u010de igru \u201em\u00e9ta\u201c, a 1. i 2. razredi igrali su se u novoj sportskoj hali. Posle ukusne u\u017eine, program se zavr\u0161io u podne.<\/p>\n\n\n\n<div class=\"wp-block-buttons is-content-justification-center is-layout-flex wp-container-core-buttons-is-layout-16018d1d wp-block-buttons-is-layout-flex\">\n<div class=\"wp-block-button\"><a class=\"wp-block-button__link has-background wp-element-button\" href=\"https:\/\/photos.app.goo.gl\/PhsEPd8Eu8jxxJNB9\" style=\"background-color:#681f0d\">Slike<\/a><\/div>\n<\/div>\n","protected":false},"excerpt":{"rendered":"<p>\u201eU\u010dimo jezike na\u0161e sredine. Susret zajedni\u0161tva i tolerancije.\u201c Ekskurzija u Totovom Selu. Na\u0161a \u0161kola je i ove \u0161kolske godine dobila priliku da neguje toleranciju me\u0111u narodima i u\u010denje jezika jednih drugih. 12. oktobra 2023. u\u010denici i nastavnici iz Totovog Sela ugostili su ni\u017ee razrede izdvojenog odeljenja O\u0160 \u201eSveti Sava\u201c iz Subotice (Bikovo), kao i ni\u017ee &hellip; <\/p>\n<p><a class=\"more-link btn\" href=\"http:\/\/www.aranyjanos.edu.rs\/sr\/2023\/10\/dan-tolerancije-medju-narodima\/\">Nastaviti \u010ditanje<\/a><\/p>\n","protected":false},"author":29,"featured_media":7104,"comment_status":"closed","ping_status":"closed","sticky":false,"template":"","format":"standard","meta":{"ngg_post_thumbnail":0,"footnotes":"","_links_to":"","_links_to_target":""},"categories":[1],"tags":[],"class_list":["post-8230","post","type-post","status-publish","format-standard","has-post-thumbnail","hentry","category-esemenyek","item-wrap"],"_links":{"self":[{"href":"http:\/\/www.aranyjanos.edu.rs\/sr\/wp-json\/wp\/v2\/posts\/8230","targetHints":{"allow":["GET"]}}],"collection":[{"href":"http:\/\/www.aranyjanos.edu.rs\/sr\/wp-json\/wp\/v2\/posts"}],"about":[{"href":"http:\/\/www.aranyjanos.edu.rs\/sr\/wp-json\/wp\/v2\/types\/post"}],"author":[{"embeddable":true,"href":"http:\/\/www.aranyjanos.edu.rs\/sr\/wp-json\/wp\/v2\/users\/29"}],"replies":[{"embeddable":true,"href":"http:\/\/www.aranyjanos.edu.rs\/sr\/wp-json\/wp\/v2\/comments?post=8230"}],"version-history":[{"count":1,"href":"http:\/\/www.aranyjanos.edu.rs\/sr\/wp-json\/wp\/v2\/posts\/8230\/revisions"}],"predecessor-version":[{"id":8231,"href":"http:\/\/www.aranyjanos.edu.rs\/sr\/wp-json\/wp\/v2\/posts\/8230\/revisions\/8231"}],"wp:featuredmedia":[{"embeddable":true,"href":"http:\/\/www.aranyjanos.edu.rs\/sr\/wp-json\/wp\/v2\/media\/7104"}],"wp:attachment":[{"href":"http:\/\/www.aranyjanos.edu.rs\/sr\/wp-json\/wp\/v2\/media?parent=8230"}],"wp:term":[{"taxonomy":"category","embeddable":true,"href":"http:\/\/www.aranyjanos.edu.rs\/sr\/wp-json\/wp\/v2\/categories?post=8230"},{"taxonomy":"post_tag","embeddable":true,"href":"http:\/\/www.aranyjanos.edu.rs\/sr\/wp-json\/wp\/v2\/tags?post=8230"}],"curies":[{"name":"wp","href":"https:\/\/api.w.org\/{rel}","templated":true}]}}