{"id":8225,"date":"2023-11-24T08:16:00","date_gmt":"2023-11-24T07:16:00","guid":{"rendered":"http:\/\/www.aranyjanos.edu.rs\/sr\/?p=8225"},"modified":"2025-10-01T08:18:51","modified_gmt":"2025-10-01T07:18:51","slug":"hiljadu-godina-2023","status":"publish","type":"post","link":"http:\/\/www.aranyjanos.edu.rs\/sr\/2023\/11\/hiljadu-godina-2023\/","title":{"rendered":"&#8222;Hiljadu godina&#8220; 2023."},"content":{"rendered":"\n<p>Na\u0161a \u0161kola je 23. novembra, u saradnji s Pedago\u0161kim udru\u017eenjem Kanji\u017ee, bila doma\u0107in takmi\u010denja \u201eHiljadu godina\u201c, na kojem su se nadmetali pripoveda\u010di bajki iz Oroma, Tre\u0161njevca, Totovog Sela, Kanji\u017ee, Horgo\u0161a, Male Pijace i Gornjeg Brega.<br>Na\u0161i u\u010denici koje je \u017eiri posebno istakao: Zakaria\u0161 Dukai (1. razred), Zoe Remete (2. razred), Tibor Erdeji (5. razred) i Sabol\u010d Rovid (5. razred). \u010cestitamo svim u\u010desnicima!<\/p>\n\n\n\n<div class=\"wp-block-buttons is-content-justification-center is-layout-flex wp-container-core-buttons-is-layout-16018d1d wp-block-buttons-is-layout-flex\">\n<div class=\"wp-block-button\"><a class=\"wp-block-button__link has-background wp-element-button\" href=\"https:\/\/photos.app.goo.gl\/Su9sLM8oXuWjmtsw6\" style=\"background-color:#681f0d\">Slike<\/a><\/div>\n<\/div>\n\n\n\n<figure class=\"wp-block-embed is-type-video is-provider-youtube wp-block-embed-youtube wp-embed-aspect-16-9 wp-has-aspect-ratio\"><div class=\"wp-block-embed__wrapper\">\n<iframe loading=\"lazy\" title=\"Ezer esztend\u0151 mesemond\u00f3 verseny\" width=\"847\" height=\"476\" src=\"https:\/\/www.youtube.com\/embed\/GU9RoSSlIqs?feature=oembed\" frameborder=\"0\" allow=\"accelerometer; autoplay; clipboard-write; encrypted-media; gyroscope; picture-in-picture; web-share\" referrerpolicy=\"strict-origin-when-cross-origin\" allowfullscreen><\/iframe>\n<\/div><\/figure>\n","protected":false},"excerpt":{"rendered":"<p>Na\u0161a \u0161kola je 23. novembra, u saradnji s Pedago\u0161kim udru\u017eenjem Kanji\u017ee, bila doma\u0107in takmi\u010denja \u201eHiljadu godina\u201c, na kojem su se nadmetali pripoveda\u010di bajki iz Oroma, Tre\u0161njevca, Totovog Sela, Kanji\u017ee, Horgo\u0161a, Male Pijace i Gornjeg Brega.Na\u0161i u\u010denici koje je \u017eiri posebno istakao: Zakaria\u0161 Dukai (1. razred), Zoe Remete (2. razred), Tibor Erdeji (5. razred) i Sabol\u010d &hellip; <\/p>\n<p><a class=\"more-link btn\" href=\"http:\/\/www.aranyjanos.edu.rs\/sr\/2023\/11\/hiljadu-godina-2023\/\">Nastaviti \u010ditanje<\/a><\/p>\n","protected":false},"author":29,"featured_media":7565,"comment_status":"closed","ping_status":"closed","sticky":false,"template":"","format":"standard","meta":{"ngg_post_thumbnail":0,"footnotes":"","_links_to":"","_links_to_target":""},"categories":[1],"tags":[],"class_list":["post-8225","post","type-post","status-publish","format-standard","has-post-thumbnail","hentry","category-esemenyek","item-wrap"],"_links":{"self":[{"href":"http:\/\/www.aranyjanos.edu.rs\/sr\/wp-json\/wp\/v2\/posts\/8225","targetHints":{"allow":["GET"]}}],"collection":[{"href":"http:\/\/www.aranyjanos.edu.rs\/sr\/wp-json\/wp\/v2\/posts"}],"about":[{"href":"http:\/\/www.aranyjanos.edu.rs\/sr\/wp-json\/wp\/v2\/types\/post"}],"author":[{"embeddable":true,"href":"http:\/\/www.aranyjanos.edu.rs\/sr\/wp-json\/wp\/v2\/users\/29"}],"replies":[{"embeddable":true,"href":"http:\/\/www.aranyjanos.edu.rs\/sr\/wp-json\/wp\/v2\/comments?post=8225"}],"version-history":[{"count":1,"href":"http:\/\/www.aranyjanos.edu.rs\/sr\/wp-json\/wp\/v2\/posts\/8225\/revisions"}],"predecessor-version":[{"id":8226,"href":"http:\/\/www.aranyjanos.edu.rs\/sr\/wp-json\/wp\/v2\/posts\/8225\/revisions\/8226"}],"wp:featuredmedia":[{"embeddable":true,"href":"http:\/\/www.aranyjanos.edu.rs\/sr\/wp-json\/wp\/v2\/media\/7565"}],"wp:attachment":[{"href":"http:\/\/www.aranyjanos.edu.rs\/sr\/wp-json\/wp\/v2\/media?parent=8225"}],"wp:term":[{"taxonomy":"category","embeddable":true,"href":"http:\/\/www.aranyjanos.edu.rs\/sr\/wp-json\/wp\/v2\/categories?post=8225"},{"taxonomy":"post_tag","embeddable":true,"href":"http:\/\/www.aranyjanos.edu.rs\/sr\/wp-json\/wp\/v2\/tags?post=8225"}],"curies":[{"name":"wp","href":"https:\/\/api.w.org\/{rel}","templated":true}]}}