{"id":8223,"date":"2023-12-01T08:11:00","date_gmt":"2023-12-01T07:11:00","guid":{"rendered":"http:\/\/www.aranyjanos.edu.rs\/sr\/?p=8223"},"modified":"2025-10-01T08:16:23","modified_gmt":"2025-10-01T07:16:23","slug":"jedno-posle-podne-sa-aranjem-2","status":"publish","type":"post","link":"http:\/\/www.aranyjanos.edu.rs\/sr\/2023\/12\/jedno-posle-podne-sa-aranjem-2\/","title":{"rendered":"Jedno posle podne sa Aranjem"},"content":{"rendered":"\n<p>U Tre\u0161njevcu je 29. novembra 2023. organizovan literarno-likovni konkurs \u201eJedno popodne sa Aranjem\u201c. Na takmi\u010denju je u\u010destvovalo sedamdeset devet u\u010denika vi\u0161ih razreda iz \u0161kola na\u0161e op\u0161tine u kategorijama recitacija, likovno stvarala\u0161tvo i kviz. Tema nadmetanja bila je poezija i istorijsko doba Jano\u0161a Aranja. Svi u\u010desnici su dobili diplome, a istaknuti nagradne knjige.<br>Recitacija \u2013 nagra\u0111eni (5\u20136. razred): Zetenj Leko Bala\u017e (Tre\u0161njevac), Luca Bohata (Horgo\u0161), Viktorija Erdeg (Kanji\u017ea); (7\u20138. razred): Ako\u0161 Babarci (Tre\u0161njevac), Ramon \u0160arnjai (Totovo Selo), Daniel Perpauer (Kanji\u017ea).<br>Najlep\u0161i crte\u017ei: Reka Hubai, Ramona Lerinc (Tre\u0161njevac), Evelin Kavai (Totovo Selo), Lora Toth, Gerda Kenjere\u0161 (Horgo\u0161), Eliza Duli\u0107, Lara Holo (Kanji\u017ea).<br>Najbolji u ekipnom takmi\u010denju: Lena Gulja\u0161, Julia Po\u0161a, Maja Torma Varga, Florian Farago (Orom) kao i Judit Ujvari, Or\u0161olja Sabo, Mark Ago\u0161ton i David \u010ciko\u0161 (Kanji\u017ea).<br>Organizaciju takmi\u010denja podr\u017eao je Pokrajinski sekretarijat za obrazovanje. Zahvaljujemo se na saradnji!<\/p>\n\n\n\n<div class=\"wp-block-buttons is-content-justification-center is-layout-flex wp-container-core-buttons-is-layout-16018d1d wp-block-buttons-is-layout-flex\">\n<div class=\"wp-block-button\"><a class=\"wp-block-button__link has-background wp-element-button\" href=\"https:\/\/photos.app.goo.gl\/7BfvgL5QSqgWNAqe6\" style=\"background-color:#681f0d\">Slike<\/a><\/div>\n<\/div>\n\n\n\n<figure class=\"wp-block-embed is-type-video is-provider-youtube wp-block-embed-youtube wp-embed-aspect-16-9 wp-has-aspect-ratio\"><div class=\"wp-block-embed__wrapper\">\n<iframe loading=\"lazy\" title=\"Egy d\u00e9lut\u00e1n Arannyal\" width=\"847\" height=\"476\" src=\"https:\/\/www.youtube.com\/embed\/Yvg0WnEr2jM?feature=oembed\" frameborder=\"0\" allow=\"accelerometer; autoplay; clipboard-write; encrypted-media; gyroscope; picture-in-picture; web-share\" referrerpolicy=\"strict-origin-when-cross-origin\" allowfullscreen><\/iframe>\n<\/div><\/figure>\n","protected":false},"excerpt":{"rendered":"<p>U Tre\u0161njevcu je 29. novembra 2023. organizovan literarno-likovni konkurs \u201eJedno popodne sa Aranjem\u201c. Na takmi\u010denju je u\u010destvovalo sedamdeset devet u\u010denika vi\u0161ih razreda iz \u0161kola na\u0161e op\u0161tine u kategorijama recitacija, likovno stvarala\u0161tvo i kviz. Tema nadmetanja bila je poezija i istorijsko doba Jano\u0161a Aranja. Svi u\u010desnici su dobili diplome, a istaknuti nagradne knjige.Recitacija \u2013 nagra\u0111eni (5\u20136. &hellip; <\/p>\n<p><a class=\"more-link btn\" href=\"http:\/\/www.aranyjanos.edu.rs\/sr\/2023\/12\/jedno-posle-podne-sa-aranjem-2\/\">Nastaviti \u010ditanje<\/a><\/p>\n","protected":false},"author":29,"featured_media":7105,"comment_status":"closed","ping_status":"closed","sticky":false,"template":"","format":"standard","meta":{"ngg_post_thumbnail":0,"footnotes":"","_links_to":"","_links_to_target":""},"categories":[1],"tags":[],"class_list":["post-8223","post","type-post","status-publish","format-standard","has-post-thumbnail","hentry","category-esemenyek","item-wrap"],"_links":{"self":[{"href":"http:\/\/www.aranyjanos.edu.rs\/sr\/wp-json\/wp\/v2\/posts\/8223","targetHints":{"allow":["GET"]}}],"collection":[{"href":"http:\/\/www.aranyjanos.edu.rs\/sr\/wp-json\/wp\/v2\/posts"}],"about":[{"href":"http:\/\/www.aranyjanos.edu.rs\/sr\/wp-json\/wp\/v2\/types\/post"}],"author":[{"embeddable":true,"href":"http:\/\/www.aranyjanos.edu.rs\/sr\/wp-json\/wp\/v2\/users\/29"}],"replies":[{"embeddable":true,"href":"http:\/\/www.aranyjanos.edu.rs\/sr\/wp-json\/wp\/v2\/comments?post=8223"}],"version-history":[{"count":1,"href":"http:\/\/www.aranyjanos.edu.rs\/sr\/wp-json\/wp\/v2\/posts\/8223\/revisions"}],"predecessor-version":[{"id":8224,"href":"http:\/\/www.aranyjanos.edu.rs\/sr\/wp-json\/wp\/v2\/posts\/8223\/revisions\/8224"}],"wp:featuredmedia":[{"embeddable":true,"href":"http:\/\/www.aranyjanos.edu.rs\/sr\/wp-json\/wp\/v2\/media\/7105"}],"wp:attachment":[{"href":"http:\/\/www.aranyjanos.edu.rs\/sr\/wp-json\/wp\/v2\/media?parent=8223"}],"wp:term":[{"taxonomy":"category","embeddable":true,"href":"http:\/\/www.aranyjanos.edu.rs\/sr\/wp-json\/wp\/v2\/categories?post=8223"},{"taxonomy":"post_tag","embeddable":true,"href":"http:\/\/www.aranyjanos.edu.rs\/sr\/wp-json\/wp\/v2\/tags?post=8223"}],"curies":[{"name":"wp","href":"https:\/\/api.w.org\/{rel}","templated":true}]}}