{"id":8221,"date":"2023-12-23T08:07:00","date_gmt":"2023-12-23T07:07:00","guid":{"rendered":"http:\/\/www.aranyjanos.edu.rs\/sr\/?p=8221"},"modified":"2025-10-01T08:11:15","modified_gmt":"2025-10-01T07:11:15","slug":"bozicne-priredbe-u-skoli-2","status":"publish","type":"post","link":"http:\/\/www.aranyjanos.edu.rs\/sr\/2023\/12\/bozicne-priredbe-u-skoli-2\/","title":{"rendered":"Bo\u017ei\u0107ne priredbe u \u0161koli"},"content":{"rendered":"\n<p>Verni na\u0161im tradicijama, i ove godine u sve tri zgrade O\u0160 \u201eAranj Jano\u0161\u201c odr\u017eane su polugodi\u0161nje sve\u010dane priredbe. Na\u0161i u\u010denici su prisutnima priredili recitacije, zimsko-bo\u017ei\u0107ne pesme, kao i Betlehemske igre i predstave. Zahvaljuju\u0107i na\u0161im donatorima u\u010denici su dobili bogate paketi\u0107e. Ovim putem \u017eelimo da im zahvalimo na nesebi\u010dnoj pomo\u0107i:<br>DOO AZUR, Senta \u2013 Nedeljko Trnini\u0107<\/p>\n\n\n\n<p>STR ELFI CENTRUM, Tre\u0161njevac \u2013 F\u00f6ldi M\u00f3nika<\/p>\n\n\n\n<p>TUR ATLANTIS, Tre\u0161njevac \u2013 Bilicki N\u00e1ndor<\/p>\n\n\n\n<p>HEVILO, Tre\u0161njevac \u2013 D\u00e1vid Izabella<\/p>\n\n\n\n<p>JANI&amp;ELVIRA, Tre\u0161njevac \u2013 Sz\u00e9l J\u00e1nos<\/p>\n\n\n\n<p>VS PROFIVET, Tre\u0161njevac \u2013 Tesli\u0107 Tomislav<\/p>\n\n\n\n<p>DOO EURO-BILANS, Tre\u0161njevac \u2013 R\u00e1kos M\u00f3nika<\/p>\n\n\n\n<p>DOO AGROTECH \u00e9s BATA DOO, Tre\u0161njevac \u2013 Bata K\u00e1roly \u00e9s Bata Imre<\/p>\n\n\n\n<p>DOO ABT sped, Orom \u2013 S\u00e1ndor G\u00e9za<\/p>\n\n\n\n<p>Noel 2011 gumijav\u00edt\u00f3 m\u0171hely, Orom \u2013 Szurok Attila<\/p>\n\n\n\n<p>Trgoneli, Orom \u2013 Szurok S\u00e1ndor Nelli-<\/p>\n\n\n\n<p>Mislen SU gumijav\u00edt\u00f3 m\u0171hely, Orom \u2013 T\u00far\u00fa L\u00e9n\u00e1rd-<\/p>\n\n\n\n<p>DOO Hidromatik, Orom Pletikoszity Tibor-<\/p>\n\n\n\n<p>Galen Plusz gy\u00f3gyszert\u00e1r, Orom \u2013 Pletikoszity Ibolya-<\/p>\n\n\n\n<p>Szak\u00e1cs R\u00f3bert oromi mez\u0151gazdas\u00e1gi termel\u0151<\/p>\n\n\n\n<p>Kov\u00e1cs Kompani, Orom- Kov\u00e1cs Petrik<\/p>\n\n\n\n<p>Lauter Mix, Orom Kir\u00e1ly Ter\u00e9zia-<\/p>\n\n\n\n<p>SP Market, Senta-<\/p>\n\n\n\n<p>DOO Robi Trans, Totovo Selo- Zsoldos R\u00f3bert-<\/p>\n\n\n\n<p>Ol\u00e1h Melinda, preduzetnica iz Oroma-<\/p>\n\n\n\n<p>Pet\u0151 Tam\u00e1s vodoinstalater iz Oroma-<\/p>\n\n\n\n<p>Losonc L\u00f3r\u00e1nd \u00e9s Magosi Norbert preduzetnici iz Oroma-<\/p>\n\n\n\n<p>DOO St. M\u00e1rk Vajda Bern\u00e1rd,<\/p>\n\n\n\n<p><br>Direktor na\u0161e \u0161kole Vajda Attila i na\u0161i parosi zatvorili su na\u0161e doga\u0111anje prazni\u010dnim \u017eeljama. Svim \u017eelimo blagoslovene, mirne praznike!<\/p>\n\n\n\n<div class=\"wp-block-buttons is-content-justification-center is-layout-flex wp-container-core-buttons-is-layout-16018d1d wp-block-buttons-is-layout-flex\">\n<div class=\"wp-block-button\"><a class=\"wp-block-button__link has-background wp-element-button\" href=\"https:\/\/photos.app.goo.gl\/mh3XfwA66VtMpdbF7\" style=\"background-color:#681f0d\">Slike<\/a><\/div>\n<\/div>\n\n\n\n<figure class=\"wp-block-embed is-type-video is-provider-youtube wp-block-embed-youtube wp-embed-aspect-16-9 wp-has-aspect-ratio\"><div class=\"wp-block-embed__wrapper\">\n<iframe loading=\"lazy\" title=\"Kar\u00e1csony m\u0171sor Oromhegyesen\" width=\"847\" height=\"476\" src=\"https:\/\/www.youtube.com\/embed\/gMbRGEIGqY4?feature=oembed\" frameborder=\"0\" allow=\"accelerometer; autoplay; clipboard-write; encrypted-media; gyroscope; picture-in-picture; web-share\" referrerpolicy=\"strict-origin-when-cross-origin\" allowfullscreen><\/iframe>\n<\/div><\/figure>\n","protected":false},"excerpt":{"rendered":"<p>Verni na\u0161im tradicijama, i ove godine u sve tri zgrade O\u0160 \u201eAranj Jano\u0161\u201c odr\u017eane su polugodi\u0161nje sve\u010dane priredbe. Na\u0161i u\u010denici su prisutnima priredili recitacije, zimsko-bo\u017ei\u0107ne pesme, kao i Betlehemske igre i predstave. Zahvaljuju\u0107i na\u0161im donatorima u\u010denici su dobili bogate paketi\u0107e. Ovim putem \u017eelimo da im zahvalimo na nesebi\u010dnoj pomo\u0107i:DOO AZUR, Senta \u2013 Nedeljko Trnini\u0107 STR &hellip; <\/p>\n<p><a class=\"more-link btn\" href=\"http:\/\/www.aranyjanos.edu.rs\/sr\/2023\/12\/bozicne-priredbe-u-skoli-2\/\">Nastaviti \u010ditanje<\/a><\/p>\n","protected":false},"author":29,"featured_media":7145,"comment_status":"closed","ping_status":"closed","sticky":false,"template":"","format":"standard","meta":{"ngg_post_thumbnail":0,"footnotes":"","_links_to":"","_links_to_target":""},"categories":[1],"tags":[],"class_list":["post-8221","post","type-post","status-publish","format-standard","has-post-thumbnail","hentry","category-esemenyek","item-wrap"],"_links":{"self":[{"href":"http:\/\/www.aranyjanos.edu.rs\/sr\/wp-json\/wp\/v2\/posts\/8221","targetHints":{"allow":["GET"]}}],"collection":[{"href":"http:\/\/www.aranyjanos.edu.rs\/sr\/wp-json\/wp\/v2\/posts"}],"about":[{"href":"http:\/\/www.aranyjanos.edu.rs\/sr\/wp-json\/wp\/v2\/types\/post"}],"author":[{"embeddable":true,"href":"http:\/\/www.aranyjanos.edu.rs\/sr\/wp-json\/wp\/v2\/users\/29"}],"replies":[{"embeddable":true,"href":"http:\/\/www.aranyjanos.edu.rs\/sr\/wp-json\/wp\/v2\/comments?post=8221"}],"version-history":[{"count":1,"href":"http:\/\/www.aranyjanos.edu.rs\/sr\/wp-json\/wp\/v2\/posts\/8221\/revisions"}],"predecessor-version":[{"id":8222,"href":"http:\/\/www.aranyjanos.edu.rs\/sr\/wp-json\/wp\/v2\/posts\/8221\/revisions\/8222"}],"wp:featuredmedia":[{"embeddable":true,"href":"http:\/\/www.aranyjanos.edu.rs\/sr\/wp-json\/wp\/v2\/media\/7145"}],"wp:attachment":[{"href":"http:\/\/www.aranyjanos.edu.rs\/sr\/wp-json\/wp\/v2\/media?parent=8221"}],"wp:term":[{"taxonomy":"category","embeddable":true,"href":"http:\/\/www.aranyjanos.edu.rs\/sr\/wp-json\/wp\/v2\/categories?post=8221"},{"taxonomy":"post_tag","embeddable":true,"href":"http:\/\/www.aranyjanos.edu.rs\/sr\/wp-json\/wp\/v2\/tags?post=8221"}],"curies":[{"name":"wp","href":"https:\/\/api.w.org\/{rel}","templated":true}]}}