{"id":8216,"date":"2024-03-06T07:56:00","date_gmt":"2024-03-06T06:56:00","guid":{"rendered":"http:\/\/www.aranyjanos.edu.rs\/sr\/?p=8216"},"modified":"2025-10-01T07:58:24","modified_gmt":"2025-10-01T06:58:24","slug":"dan-skole-2","status":"publish","type":"post","link":"http:\/\/www.aranyjanos.edu.rs\/sr\/2024\/03\/dan-skole-2\/","title":{"rendered":"Dan \u0161kole"},"content":{"rendered":"\n<p>1. marta smo proslavili Dan \u0161kole. Glavna sve\u010danost odr\u017eana je u \u0161kolskoj zgradi u Tre\u0161njevcu. Na\u0161i u\u010denici su nastupili prozom, recitacijama, pesmom, instrumentalnom muzikom i plesom. Se\u0107anje na na\u0161eg \u0161kolskog patrona obele\u017eeno je i u Oromu i Totovom Selu<\/p>\n\n\n\n<figure class=\"wp-block-embed is-type-video is-provider-youtube wp-block-embed-youtube wp-embed-aspect-16-9 wp-has-aspect-ratio\"><div class=\"wp-block-embed__wrapper\">\n<iframe loading=\"lazy\" title=\"Iskolanap 2024\" width=\"847\" height=\"476\" src=\"https:\/\/www.youtube.com\/embed\/E2ZtdiDa_3Y?feature=oembed\" frameborder=\"0\" allow=\"accelerometer; autoplay; clipboard-write; encrypted-media; gyroscope; picture-in-picture; web-share\" referrerpolicy=\"strict-origin-when-cross-origin\" allowfullscreen><\/iframe>\n<\/div><\/figure>\n","protected":false},"excerpt":{"rendered":"<p>1. marta smo proslavili Dan \u0161kole. Glavna sve\u010danost odr\u017eana je u \u0161kolskoj zgradi u Tre\u0161njevcu. Na\u0161i u\u010denici su nastupili prozom, recitacijama, pesmom, instrumentalnom muzikom i plesom. Se\u0107anje na na\u0161eg \u0161kolskog patrona obele\u017eeno je i u Oromu i Totovom Selu<\/p>\n","protected":false},"author":29,"featured_media":7293,"comment_status":"closed","ping_status":"closed","sticky":false,"template":"","format":"standard","meta":{"ngg_post_thumbnail":0,"footnotes":"","_links_to":"","_links_to_target":""},"categories":[1],"tags":[],"class_list":["post-8216","post","type-post","status-publish","format-standard","has-post-thumbnail","hentry","category-esemenyek","item-wrap"],"_links":{"self":[{"href":"http:\/\/www.aranyjanos.edu.rs\/sr\/wp-json\/wp\/v2\/posts\/8216","targetHints":{"allow":["GET"]}}],"collection":[{"href":"http:\/\/www.aranyjanos.edu.rs\/sr\/wp-json\/wp\/v2\/posts"}],"about":[{"href":"http:\/\/www.aranyjanos.edu.rs\/sr\/wp-json\/wp\/v2\/types\/post"}],"author":[{"embeddable":true,"href":"http:\/\/www.aranyjanos.edu.rs\/sr\/wp-json\/wp\/v2\/users\/29"}],"replies":[{"embeddable":true,"href":"http:\/\/www.aranyjanos.edu.rs\/sr\/wp-json\/wp\/v2\/comments?post=8216"}],"version-history":[{"count":1,"href":"http:\/\/www.aranyjanos.edu.rs\/sr\/wp-json\/wp\/v2\/posts\/8216\/revisions"}],"predecessor-version":[{"id":8217,"href":"http:\/\/www.aranyjanos.edu.rs\/sr\/wp-json\/wp\/v2\/posts\/8216\/revisions\/8217"}],"wp:featuredmedia":[{"embeddable":true,"href":"http:\/\/www.aranyjanos.edu.rs\/sr\/wp-json\/wp\/v2\/media\/7293"}],"wp:attachment":[{"href":"http:\/\/www.aranyjanos.edu.rs\/sr\/wp-json\/wp\/v2\/media?parent=8216"}],"wp:term":[{"taxonomy":"category","embeddable":true,"href":"http:\/\/www.aranyjanos.edu.rs\/sr\/wp-json\/wp\/v2\/categories?post=8216"},{"taxonomy":"post_tag","embeddable":true,"href":"http:\/\/www.aranyjanos.edu.rs\/sr\/wp-json\/wp\/v2\/tags?post=8216"}],"curies":[{"name":"wp","href":"https:\/\/api.w.org\/{rel}","templated":true}]}}