{"id":8211,"date":"2024-05-16T07:38:00","date_gmt":"2024-05-16T06:38:00","guid":{"rendered":"http:\/\/www.aranyjanos.edu.rs\/sr\/?p=8211"},"modified":"2025-10-01T07:43:36","modified_gmt":"2025-10-01T06:43:36","slug":"gostovanje-u-kusiljevu","status":"publish","type":"post","link":"http:\/\/www.aranyjanos.edu.rs\/sr\/2024\/05\/gostovanje-u-kusiljevu\/","title":{"rendered":"Gostovanje u Ku\u0161iljevu"},"content":{"rendered":"\n<p>Na\u0161a \u0161kola je dobila srda\u010dnu pozivnicu od O\u0160 \u201eVo\u017ed Kara\u0111or\u0111e\u201c u Ku\u0161iljevu, povodom proslave 188 godina postojanja 15. maja 2024. godine. U\u010denici na\u0161e \u0161kole nastupili su na sve\u010danom programu igrom i pesmom. Ceo sve\u010dani program mo\u017ee se pogledati na slede\u0107em linku:<\/p>\n\n\n\n<div class=\"wp-block-buttons is-content-justification-center is-layout-flex wp-container-core-buttons-is-layout-16018d1d wp-block-buttons-is-layout-flex\">\n<div class=\"wp-block-button\"><a class=\"wp-block-button__link has-background wp-element-button\" href=\"https:\/\/photos.app.goo.gl\/3LVkWpHGWH3b7gys9\" style=\"background-color:#681f0d\">Slike<\/a><\/div>\n<\/div>\n\n\n\n<figure class=\"wp-block-embed is-type-video is-provider-youtube wp-block-embed-youtube wp-embed-aspect-16-9 wp-has-aspect-ratio\"><div class=\"wp-block-embed__wrapper\">\n<iframe loading=\"lazy\" title=\"Dan Osnovne \u0161kole &quot;VO\u017dD KARA\u0110OR\u0110E&quot; U KU\u0160ILJEVU\" width=\"847\" height=\"476\" src=\"https:\/\/www.youtube.com\/embed\/gdX6VyUxrg8?feature=oembed\" frameborder=\"0\" allow=\"accelerometer; autoplay; clipboard-write; encrypted-media; gyroscope; picture-in-picture; web-share\" referrerpolicy=\"strict-origin-when-cross-origin\" allowfullscreen><\/iframe>\n<\/div><\/figure>\n","protected":false},"excerpt":{"rendered":"<p>Na\u0161a \u0161kola je dobila srda\u010dnu pozivnicu od O\u0160 \u201eVo\u017ed Kara\u0111or\u0111e\u201c u Ku\u0161iljevu, povodom proslave 188 godina postojanja 15. maja 2024. godine. U\u010denici na\u0161e \u0161kole nastupili su na sve\u010danom programu igrom i pesmom. Ceo sve\u010dani program mo\u017ee se pogledati na slede\u0107em linku:<\/p>\n","protected":false},"author":29,"featured_media":8212,"comment_status":"closed","ping_status":"closed","sticky":false,"template":"","format":"standard","meta":{"ngg_post_thumbnail":0,"footnotes":"","_links_to":"","_links_to_target":""},"categories":[1],"tags":[],"class_list":["post-8211","post","type-post","status-publish","format-standard","has-post-thumbnail","hentry","category-esemenyek","item-wrap"],"_links":{"self":[{"href":"http:\/\/www.aranyjanos.edu.rs\/sr\/wp-json\/wp\/v2\/posts\/8211","targetHints":{"allow":["GET"]}}],"collection":[{"href":"http:\/\/www.aranyjanos.edu.rs\/sr\/wp-json\/wp\/v2\/posts"}],"about":[{"href":"http:\/\/www.aranyjanos.edu.rs\/sr\/wp-json\/wp\/v2\/types\/post"}],"author":[{"embeddable":true,"href":"http:\/\/www.aranyjanos.edu.rs\/sr\/wp-json\/wp\/v2\/users\/29"}],"replies":[{"embeddable":true,"href":"http:\/\/www.aranyjanos.edu.rs\/sr\/wp-json\/wp\/v2\/comments?post=8211"}],"version-history":[{"count":1,"href":"http:\/\/www.aranyjanos.edu.rs\/sr\/wp-json\/wp\/v2\/posts\/8211\/revisions"}],"predecessor-version":[{"id":8213,"href":"http:\/\/www.aranyjanos.edu.rs\/sr\/wp-json\/wp\/v2\/posts\/8211\/revisions\/8213"}],"wp:featuredmedia":[{"embeddable":true,"href":"http:\/\/www.aranyjanos.edu.rs\/sr\/wp-json\/wp\/v2\/media\/8212"}],"wp:attachment":[{"href":"http:\/\/www.aranyjanos.edu.rs\/sr\/wp-json\/wp\/v2\/media?parent=8211"}],"wp:term":[{"taxonomy":"category","embeddable":true,"href":"http:\/\/www.aranyjanos.edu.rs\/sr\/wp-json\/wp\/v2\/categories?post=8211"},{"taxonomy":"post_tag","embeddable":true,"href":"http:\/\/www.aranyjanos.edu.rs\/sr\/wp-json\/wp\/v2\/tags?post=8211"}],"curies":[{"name":"wp","href":"https:\/\/api.w.org\/{rel}","templated":true}]}}