{"id":8209,"date":"2024-06-04T07:35:00","date_gmt":"2024-06-04T06:35:00","guid":{"rendered":"http:\/\/www.aranyjanos.edu.rs\/sr\/?p=8209"},"modified":"2025-10-01T07:37:55","modified_gmt":"2025-10-01T06:37:55","slug":"oprostaj-osmog-razreda-2","status":"publish","type":"post","link":"http:\/\/www.aranyjanos.edu.rs\/sr\/2024\/06\/oprostaj-osmog-razreda-2\/","title":{"rendered":"Opro\u0161taj osmog razreda"},"content":{"rendered":"\n<p>Na\u0161i maturanti su se 31. maja i 1. juna sve\u010danim programom oprostili od \u0161kole. U\u010denicima osmog razreda je uru\u010dio diplome i nagrade direktor \u0161kole, Atila Vajda. Ove godine priznanje \u201eGeneracija godine\u201c osvojila je \u017dofija Njila\u0161, a uz to i nagradu \u2013 tablet.<\/p>\n\n\n\n<figure class=\"wp-block-embed is-type-video is-provider-youtube wp-block-embed-youtube wp-embed-aspect-16-9 wp-has-aspect-ratio\"><div class=\"wp-block-embed__wrapper\">\n<iframe loading=\"lazy\" title=\"Ballag\u00e1s Oromhegyesen 2024\" width=\"847\" height=\"476\" src=\"https:\/\/www.youtube.com\/embed\/CeVrQqYJzCM?feature=oembed\" frameborder=\"0\" allow=\"accelerometer; autoplay; clipboard-write; encrypted-media; gyroscope; picture-in-picture; web-share\" referrerpolicy=\"strict-origin-when-cross-origin\" allowfullscreen><\/iframe>\n<\/div><\/figure>\n","protected":false},"excerpt":{"rendered":"<p>Na\u0161i maturanti su se 31. maja i 1. juna sve\u010danim programom oprostili od \u0161kole. U\u010denicima osmog razreda je uru\u010dio diplome i nagrade direktor \u0161kole, Atila Vajda. Ove godine priznanje \u201eGeneracija godine\u201c osvojila je \u017dofija Njila\u0161, a uz to i nagradu \u2013 tablet.<\/p>\n","protected":false},"author":29,"featured_media":8173,"comment_status":"closed","ping_status":"closed","sticky":false,"template":"","format":"standard","meta":{"ngg_post_thumbnail":0,"footnotes":"","_links_to":"","_links_to_target":""},"categories":[1],"tags":[],"class_list":["post-8209","post","type-post","status-publish","format-standard","has-post-thumbnail","hentry","category-esemenyek","item-wrap"],"_links":{"self":[{"href":"http:\/\/www.aranyjanos.edu.rs\/sr\/wp-json\/wp\/v2\/posts\/8209","targetHints":{"allow":["GET"]}}],"collection":[{"href":"http:\/\/www.aranyjanos.edu.rs\/sr\/wp-json\/wp\/v2\/posts"}],"about":[{"href":"http:\/\/www.aranyjanos.edu.rs\/sr\/wp-json\/wp\/v2\/types\/post"}],"author":[{"embeddable":true,"href":"http:\/\/www.aranyjanos.edu.rs\/sr\/wp-json\/wp\/v2\/users\/29"}],"replies":[{"embeddable":true,"href":"http:\/\/www.aranyjanos.edu.rs\/sr\/wp-json\/wp\/v2\/comments?post=8209"}],"version-history":[{"count":1,"href":"http:\/\/www.aranyjanos.edu.rs\/sr\/wp-json\/wp\/v2\/posts\/8209\/revisions"}],"predecessor-version":[{"id":8210,"href":"http:\/\/www.aranyjanos.edu.rs\/sr\/wp-json\/wp\/v2\/posts\/8209\/revisions\/8210"}],"wp:featuredmedia":[{"embeddable":true,"href":"http:\/\/www.aranyjanos.edu.rs\/sr\/wp-json\/wp\/v2\/media\/8173"}],"wp:attachment":[{"href":"http:\/\/www.aranyjanos.edu.rs\/sr\/wp-json\/wp\/v2\/media?parent=8209"}],"wp:term":[{"taxonomy":"category","embeddable":true,"href":"http:\/\/www.aranyjanos.edu.rs\/sr\/wp-json\/wp\/v2\/categories?post=8209"},{"taxonomy":"post_tag","embeddable":true,"href":"http:\/\/www.aranyjanos.edu.rs\/sr\/wp-json\/wp\/v2\/tags?post=8209"}],"curies":[{"name":"wp","href":"https:\/\/api.w.org\/{rel}","templated":true}]}}