{"id":8202,"date":"2024-09-23T12:05:00","date_gmt":"2024-09-23T11:05:00","guid":{"rendered":"http:\/\/www.aranyjanos.edu.rs\/sr\/?p=8202"},"modified":"2025-09-30T12:09:04","modified_gmt":"2025-09-30T11:09:04","slug":"nedelja-mobilnosti-2024","status":"publish","type":"post","link":"http:\/\/www.aranyjanos.edu.rs\/sr\/2024\/09\/nedelja-mobilnosti-2024\/","title":{"rendered":"Nedelja mobilnosti &#8211; 2024."},"content":{"rendered":"\n<p>EVROPSKA NEDELJA MOBILNOSTI 16\u201322. septembra. I ove godine razli\u010ditim akcijama podsti\u010demo u\u010denike na zdrav na\u010din \u017eivota.<\/p>\n\n\n\n<div class=\"wp-block-buttons is-content-justification-center is-layout-flex wp-container-core-buttons-is-layout-16018d1d wp-block-buttons-is-layout-flex\">\n<div class=\"wp-block-button\"><a class=\"wp-block-button__link has-background wp-element-button\" href=\"https:\/\/photos.app.goo.gl\/ouX1V5o627qXytdB6\" style=\"background-color:#681f0d\">Slike<\/a><\/div>\n<\/div>\n\n\n\n<p><\/p>\n","protected":false},"excerpt":{"rendered":"<p>EVROPSKA NEDELJA MOBILNOSTI 16\u201322. septembra. I ove godine razli\u010ditim akcijama podsti\u010demo u\u010denike na zdrav na\u010din \u017eivota.<\/p>\n","protected":false},"author":29,"featured_media":7104,"comment_status":"closed","ping_status":"closed","sticky":false,"template":"","format":"standard","meta":{"ngg_post_thumbnail":0,"footnotes":"","_links_to":"","_links_to_target":""},"categories":[1],"tags":[],"class_list":["post-8202","post","type-post","status-publish","format-standard","has-post-thumbnail","hentry","category-esemenyek","item-wrap"],"_links":{"self":[{"href":"http:\/\/www.aranyjanos.edu.rs\/sr\/wp-json\/wp\/v2\/posts\/8202","targetHints":{"allow":["GET"]}}],"collection":[{"href":"http:\/\/www.aranyjanos.edu.rs\/sr\/wp-json\/wp\/v2\/posts"}],"about":[{"href":"http:\/\/www.aranyjanos.edu.rs\/sr\/wp-json\/wp\/v2\/types\/post"}],"author":[{"embeddable":true,"href":"http:\/\/www.aranyjanos.edu.rs\/sr\/wp-json\/wp\/v2\/users\/29"}],"replies":[{"embeddable":true,"href":"http:\/\/www.aranyjanos.edu.rs\/sr\/wp-json\/wp\/v2\/comments?post=8202"}],"version-history":[{"count":1,"href":"http:\/\/www.aranyjanos.edu.rs\/sr\/wp-json\/wp\/v2\/posts\/8202\/revisions"}],"predecessor-version":[{"id":8203,"href":"http:\/\/www.aranyjanos.edu.rs\/sr\/wp-json\/wp\/v2\/posts\/8202\/revisions\/8203"}],"wp:featuredmedia":[{"embeddable":true,"href":"http:\/\/www.aranyjanos.edu.rs\/sr\/wp-json\/wp\/v2\/media\/7104"}],"wp:attachment":[{"href":"http:\/\/www.aranyjanos.edu.rs\/sr\/wp-json\/wp\/v2\/media?parent=8202"}],"wp:term":[{"taxonomy":"category","embeddable":true,"href":"http:\/\/www.aranyjanos.edu.rs\/sr\/wp-json\/wp\/v2\/categories?post=8202"},{"taxonomy":"post_tag","embeddable":true,"href":"http:\/\/www.aranyjanos.edu.rs\/sr\/wp-json\/wp\/v2\/tags?post=8202"}],"curies":[{"name":"wp","href":"https:\/\/api.w.org\/{rel}","templated":true}]}}