{"id":8199,"date":"2024-10-10T12:01:00","date_gmt":"2024-10-10T11:01:00","guid":{"rendered":"http:\/\/www.aranyjanos.edu.rs\/sr\/?p=8199"},"modified":"2025-09-30T12:05:13","modified_gmt":"2025-09-30T11:05:13","slug":"ekskurzija-sedmog-i-osmog-razreda","status":"publish","type":"post","link":"http:\/\/www.aranyjanos.edu.rs\/sr\/2024\/10\/ekskurzija-sedmog-i-osmog-razreda\/","title":{"rendered":"Ekskurzija sedmog i osmog razreda"},"content":{"rendered":"\n<p>U\u010denici sedmog i osmog razreda na\u0161e \u0161kole su sa svojim razrednim stare\u0161inama u\u010destvovali u dvodnevnoj ekskurziji 8\u20139. oktobra. Program je obuhvatao obilazak tvr\u0111ave u Smederevu, Golupca, \u0110erdapa I i Lepenskog vira. Svi su se lepo proveli na ovoj sadr\u017eajnoj ekskurziji.<\/p>\n\n\n\n<div class=\"wp-block-buttons is-content-justification-center is-layout-flex wp-container-core-buttons-is-layout-16018d1d wp-block-buttons-is-layout-flex\">\n<div class=\"wp-block-button\"><a class=\"wp-block-button__link has-background wp-element-button\" href=\"https:\/\/photos.app.goo.gl\/XVMwwrQxuNHwZdaB6\" style=\"background-color:#681f0d\">Slike<\/a><\/div>\n<\/div>\n","protected":false},"excerpt":{"rendered":"<p>U\u010denici sedmog i osmog razreda na\u0161e \u0161kole su sa svojim razrednim stare\u0161inama u\u010destvovali u dvodnevnoj ekskurziji 8\u20139. oktobra. Program je obuhvatao obilazak tvr\u0111ave u Smederevu, Golupca, \u0110erdapa I i Lepenskog vira. Svi su se lepo proveli na ovoj sadr\u017eajnoj ekskurziji.<\/p>\n","protected":false},"author":29,"featured_media":8200,"comment_status":"closed","ping_status":"closed","sticky":false,"template":"","format":"standard","meta":{"ngg_post_thumbnail":0,"footnotes":"","_links_to":"","_links_to_target":""},"categories":[1],"tags":[],"class_list":["post-8199","post","type-post","status-publish","format-standard","has-post-thumbnail","hentry","category-esemenyek","item-wrap"],"_links":{"self":[{"href":"http:\/\/www.aranyjanos.edu.rs\/sr\/wp-json\/wp\/v2\/posts\/8199","targetHints":{"allow":["GET"]}}],"collection":[{"href":"http:\/\/www.aranyjanos.edu.rs\/sr\/wp-json\/wp\/v2\/posts"}],"about":[{"href":"http:\/\/www.aranyjanos.edu.rs\/sr\/wp-json\/wp\/v2\/types\/post"}],"author":[{"embeddable":true,"href":"http:\/\/www.aranyjanos.edu.rs\/sr\/wp-json\/wp\/v2\/users\/29"}],"replies":[{"embeddable":true,"href":"http:\/\/www.aranyjanos.edu.rs\/sr\/wp-json\/wp\/v2\/comments?post=8199"}],"version-history":[{"count":1,"href":"http:\/\/www.aranyjanos.edu.rs\/sr\/wp-json\/wp\/v2\/posts\/8199\/revisions"}],"predecessor-version":[{"id":8201,"href":"http:\/\/www.aranyjanos.edu.rs\/sr\/wp-json\/wp\/v2\/posts\/8199\/revisions\/8201"}],"wp:featuredmedia":[{"embeddable":true,"href":"http:\/\/www.aranyjanos.edu.rs\/sr\/wp-json\/wp\/v2\/media\/8200"}],"wp:attachment":[{"href":"http:\/\/www.aranyjanos.edu.rs\/sr\/wp-json\/wp\/v2\/media?parent=8199"}],"wp:term":[{"taxonomy":"category","embeddable":true,"href":"http:\/\/www.aranyjanos.edu.rs\/sr\/wp-json\/wp\/v2\/categories?post=8199"},{"taxonomy":"post_tag","embeddable":true,"href":"http:\/\/www.aranyjanos.edu.rs\/sr\/wp-json\/wp\/v2\/tags?post=8199"}],"curies":[{"name":"wp","href":"https:\/\/api.w.org\/{rel}","templated":true}]}}