{"id":8192,"date":"2024-11-28T11:46:00","date_gmt":"2024-11-28T10:46:00","guid":{"rendered":"http:\/\/www.aranyjanos.edu.rs\/sr\/?p=8192"},"modified":"2025-09-30T11:49:51","modified_gmt":"2025-09-30T10:49:51","slug":"jedno-posle-podne-sa-aranjem","status":"publish","type":"post","link":"http:\/\/www.aranyjanos.edu.rs\/sr\/2024\/11\/jedno-posle-podne-sa-aranjem\/","title":{"rendered":"Jedno posle podne sa Aranjem"},"content":{"rendered":"\n<p>27. novembra u na\u0161oj \u0161koli je organizovan literarno-likovni konkurs pod nazivom \u201eJedno posle podne sa Aranjem\u201c. Na takmi\u010denju je u\u010destvovalo sedamdeset u\u010denika vi\u0161ih razreda iz \u0161kola na\u0161e op\u0161tine u kategorijama recitacija, likovno stvarala\u0161tvo i kviz znanja. Tema nadmetanja bila je poezija i istorijsko doba Jano\u0161a Aranja. Svi u\u010desnici su dobili diplome, a istaknuti su nagra\u0111eni knjigama: Lili Deme (recitacija), Ramona Lerinc (likovno stvarala\u0161tvo), Noel Surok, Monika Liliom, Erik Kermeci, David Po\u0161a, Aleksandra Horvat, Maja Vajdovi\u0107, Aneta Vida, Greta Taka\u010d (kviz). Organizaciju takmi\u010denja podr\u017eao je Pokrajinski sekretarijat za obrazovanje. Zahvaljujemo se na saradnji!<\/p>\n\n\n\n<figure class=\"wp-block-embed is-type-video is-provider-youtube wp-block-embed-youtube wp-embed-aspect-16-9 wp-has-aspect-ratio\"><div class=\"wp-block-embed__wrapper\">\n<iframe loading=\"lazy\" title=\"Egy d\u00e9lut\u00e1n Arannyal 2024\" width=\"847\" height=\"476\" src=\"https:\/\/www.youtube.com\/embed\/rD48OJ2oy1g?feature=oembed\" frameborder=\"0\" allow=\"accelerometer; autoplay; clipboard-write; encrypted-media; gyroscope; picture-in-picture; web-share\" referrerpolicy=\"strict-origin-when-cross-origin\" allowfullscreen><\/iframe>\n<\/div><\/figure>\n","protected":false},"excerpt":{"rendered":"<p>27. novembra u na\u0161oj \u0161koli je organizovan literarno-likovni konkurs pod nazivom \u201eJedno posle podne sa Aranjem\u201c. Na takmi\u010denju je u\u010destvovalo sedamdeset u\u010denika vi\u0161ih razreda iz \u0161kola na\u0161e op\u0161tine u kategorijama recitacija, likovno stvarala\u0161tvo i kviz znanja. Tema nadmetanja bila je poezija i istorijsko doba Jano\u0161a Aranja. Svi u\u010desnici su dobili diplome, a istaknuti su nagra\u0111eni &hellip; <\/p>\n<p><a class=\"more-link btn\" href=\"http:\/\/www.aranyjanos.edu.rs\/sr\/2024\/11\/jedno-posle-podne-sa-aranjem\/\">Nastaviti \u010ditanje<\/a><\/p>\n","protected":false},"author":29,"featured_media":6982,"comment_status":"closed","ping_status":"closed","sticky":false,"template":"","format":"standard","meta":{"ngg_post_thumbnail":0,"footnotes":"","_links_to":"","_links_to_target":""},"categories":[1],"tags":[],"class_list":["post-8192","post","type-post","status-publish","format-standard","has-post-thumbnail","hentry","category-esemenyek","item-wrap"],"_links":{"self":[{"href":"http:\/\/www.aranyjanos.edu.rs\/sr\/wp-json\/wp\/v2\/posts\/8192","targetHints":{"allow":["GET"]}}],"collection":[{"href":"http:\/\/www.aranyjanos.edu.rs\/sr\/wp-json\/wp\/v2\/posts"}],"about":[{"href":"http:\/\/www.aranyjanos.edu.rs\/sr\/wp-json\/wp\/v2\/types\/post"}],"author":[{"embeddable":true,"href":"http:\/\/www.aranyjanos.edu.rs\/sr\/wp-json\/wp\/v2\/users\/29"}],"replies":[{"embeddable":true,"href":"http:\/\/www.aranyjanos.edu.rs\/sr\/wp-json\/wp\/v2\/comments?post=8192"}],"version-history":[{"count":1,"href":"http:\/\/www.aranyjanos.edu.rs\/sr\/wp-json\/wp\/v2\/posts\/8192\/revisions"}],"predecessor-version":[{"id":8193,"href":"http:\/\/www.aranyjanos.edu.rs\/sr\/wp-json\/wp\/v2\/posts\/8192\/revisions\/8193"}],"wp:featuredmedia":[{"embeddable":true,"href":"http:\/\/www.aranyjanos.edu.rs\/sr\/wp-json\/wp\/v2\/media\/6982"}],"wp:attachment":[{"href":"http:\/\/www.aranyjanos.edu.rs\/sr\/wp-json\/wp\/v2\/media?parent=8192"}],"wp:term":[{"taxonomy":"category","embeddable":true,"href":"http:\/\/www.aranyjanos.edu.rs\/sr\/wp-json\/wp\/v2\/categories?post=8192"},{"taxonomy":"post_tag","embeddable":true,"href":"http:\/\/www.aranyjanos.edu.rs\/sr\/wp-json\/wp\/v2\/tags?post=8192"}],"curies":[{"name":"wp","href":"https:\/\/api.w.org\/{rel}","templated":true}]}}