{"id":8190,"date":"2024-12-23T11:42:00","date_gmt":"2024-12-23T10:42:00","guid":{"rendered":"http:\/\/www.aranyjanos.edu.rs\/sr\/?p=8190"},"modified":"2025-09-30T11:44:50","modified_gmt":"2025-09-30T10:44:50","slug":"bozicne-priredbe-u-skoli","status":"publish","type":"post","link":"http:\/\/www.aranyjanos.edu.rs\/sr\/2024\/12\/bozicne-priredbe-u-skoli\/","title":{"rendered":"Bo\u017ei\u0107ne priredbe u \u0161koli"},"content":{"rendered":"\n<p>19. i 20. decembra odr\u017eali smo u \u0161koli Bo\u017ei\u0107ne i polugodi\u0161nje zavr\u0161ne priredbe, u Oromu, Totovom Selu i Tre\u0161njevcu.<\/p>\n\n\n\n<figure class=\"wp-block-embed is-type-video is-provider-youtube wp-block-embed-youtube wp-embed-aspect-16-9 wp-has-aspect-ratio\"><div class=\"wp-block-embed__wrapper\">\n<iframe loading=\"lazy\" title=\"Kar\u00e1csonyi m\u0171sor Oromon 2024\" width=\"847\" height=\"476\" src=\"https:\/\/www.youtube.com\/embed\/j0R4sL53I4c?feature=oembed\" frameborder=\"0\" allow=\"accelerometer; autoplay; clipboard-write; encrypted-media; gyroscope; picture-in-picture; web-share\" referrerpolicy=\"strict-origin-when-cross-origin\" allowfullscreen><\/iframe>\n<\/div><\/figure>\n\n\n\n<figure class=\"wp-block-embed is-type-video is-provider-youtube wp-block-embed-youtube wp-embed-aspect-16-9 wp-has-aspect-ratio\"><div class=\"wp-block-embed__wrapper\">\n<iframe loading=\"lazy\" title=\"Kar\u00e1csonyi m\u0171sor Oromhegyesen 2024\" width=\"847\" height=\"476\" src=\"https:\/\/www.youtube.com\/embed\/5WNX38pX2aY?feature=oembed\" frameborder=\"0\" allow=\"accelerometer; autoplay; clipboard-write; encrypted-media; gyroscope; picture-in-picture; web-share\" referrerpolicy=\"strict-origin-when-cross-origin\" allowfullscreen><\/iframe>\n<\/div><\/figure>\n\n\n\n<figure class=\"wp-block-embed is-type-video is-provider-youtube wp-block-embed-youtube wp-embed-aspect-16-9 wp-has-aspect-ratio\"><div class=\"wp-block-embed__wrapper\">\n<iframe loading=\"lazy\" title=\"Kar\u00e1csonyi m\u0171sor T\u00f3thfalun\" width=\"847\" height=\"476\" src=\"https:\/\/www.youtube.com\/embed\/WdPY7EzlJxI?feature=oembed\" frameborder=\"0\" allow=\"accelerometer; autoplay; clipboard-write; encrypted-media; gyroscope; picture-in-picture; web-share\" referrerpolicy=\"strict-origin-when-cross-origin\" allowfullscreen><\/iframe>\n<\/div><\/figure>\n","protected":false},"excerpt":{"rendered":"<p>19. i 20. decembra odr\u017eali smo u \u0161koli Bo\u017ei\u0107ne i polugodi\u0161nje zavr\u0161ne priredbe, u Oromu, Totovom Selu i Tre\u0161njevcu.<\/p>\n","protected":false},"author":29,"featured_media":7145,"comment_status":"closed","ping_status":"closed","sticky":false,"template":"","format":"standard","meta":{"ngg_post_thumbnail":0,"footnotes":"","_links_to":"","_links_to_target":""},"categories":[1],"tags":[],"class_list":["post-8190","post","type-post","status-publish","format-standard","has-post-thumbnail","hentry","category-esemenyek","item-wrap"],"_links":{"self":[{"href":"http:\/\/www.aranyjanos.edu.rs\/sr\/wp-json\/wp\/v2\/posts\/8190","targetHints":{"allow":["GET"]}}],"collection":[{"href":"http:\/\/www.aranyjanos.edu.rs\/sr\/wp-json\/wp\/v2\/posts"}],"about":[{"href":"http:\/\/www.aranyjanos.edu.rs\/sr\/wp-json\/wp\/v2\/types\/post"}],"author":[{"embeddable":true,"href":"http:\/\/www.aranyjanos.edu.rs\/sr\/wp-json\/wp\/v2\/users\/29"}],"replies":[{"embeddable":true,"href":"http:\/\/www.aranyjanos.edu.rs\/sr\/wp-json\/wp\/v2\/comments?post=8190"}],"version-history":[{"count":1,"href":"http:\/\/www.aranyjanos.edu.rs\/sr\/wp-json\/wp\/v2\/posts\/8190\/revisions"}],"predecessor-version":[{"id":8191,"href":"http:\/\/www.aranyjanos.edu.rs\/sr\/wp-json\/wp\/v2\/posts\/8190\/revisions\/8191"}],"wp:featuredmedia":[{"embeddable":true,"href":"http:\/\/www.aranyjanos.edu.rs\/sr\/wp-json\/wp\/v2\/media\/7145"}],"wp:attachment":[{"href":"http:\/\/www.aranyjanos.edu.rs\/sr\/wp-json\/wp\/v2\/media?parent=8190"}],"wp:term":[{"taxonomy":"category","embeddable":true,"href":"http:\/\/www.aranyjanos.edu.rs\/sr\/wp-json\/wp\/v2\/categories?post=8190"},{"taxonomy":"post_tag","embeddable":true,"href":"http:\/\/www.aranyjanos.edu.rs\/sr\/wp-json\/wp\/v2\/tags?post=8190"}],"curies":[{"name":"wp","href":"https:\/\/api.w.org\/{rel}","templated":true}]}}