{"id":8184,"date":"2025-03-10T11:35:00","date_gmt":"2025-03-10T10:35:00","guid":{"rendered":"http:\/\/www.aranyjanos.edu.rs\/sr\/?p=8184"},"modified":"2025-09-30T11:37:53","modified_gmt":"2025-09-30T10:37:53","slug":"dan-zena","status":"publish","type":"post","link":"http:\/\/www.aranyjanos.edu.rs\/sr\/2025\/03\/dan-zena\/","title":{"rendered":"Dan \u017eena"},"content":{"rendered":"\n<p>U\u010denici O\u0160 \u201eArany Jano\u0161\u201c su 7. marta u Tre\u0161njevcu, Oromu i Totovom Selu sve\u010dano po\u017eeleli majkama, bakama i svim dragim go\u0161\u0107ama sre\u0107an 8. mart u okviru priredbe.<\/p>\n\n\n\n<figure class=\"wp-block-embed is-type-video is-provider-youtube wp-block-embed-youtube wp-embed-aspect-16-9 wp-has-aspect-ratio\"><div class=\"wp-block-embed__wrapper\">\n<iframe loading=\"lazy\" title=\"N\u0151nap az iskol\u00e1ban 2025\" width=\"847\" height=\"476\" src=\"https:\/\/www.youtube.com\/embed\/0GY1oO7Qlmk?feature=oembed\" frameborder=\"0\" allow=\"accelerometer; autoplay; clipboard-write; encrypted-media; gyroscope; picture-in-picture; web-share\" referrerpolicy=\"strict-origin-when-cross-origin\" allowfullscreen><\/iframe>\n<\/div><\/figure>\n","protected":false},"excerpt":{"rendered":"<p>U\u010denici O\u0160 \u201eArany Jano\u0161\u201c su 7. marta u Tre\u0161njevcu, Oromu i Totovom Selu sve\u010dano po\u017eeleli majkama, bakama i svim dragim go\u0161\u0107ama sre\u0107an 8. mart u okviru priredbe.<\/p>\n","protected":false},"author":29,"featured_media":6998,"comment_status":"closed","ping_status":"closed","sticky":false,"template":"","format":"standard","meta":{"ngg_post_thumbnail":0,"footnotes":"","_links_to":"","_links_to_target":""},"categories":[1],"tags":[],"class_list":["post-8184","post","type-post","status-publish","format-standard","has-post-thumbnail","hentry","category-esemenyek","item-wrap"],"_links":{"self":[{"href":"http:\/\/www.aranyjanos.edu.rs\/sr\/wp-json\/wp\/v2\/posts\/8184","targetHints":{"allow":["GET"]}}],"collection":[{"href":"http:\/\/www.aranyjanos.edu.rs\/sr\/wp-json\/wp\/v2\/posts"}],"about":[{"href":"http:\/\/www.aranyjanos.edu.rs\/sr\/wp-json\/wp\/v2\/types\/post"}],"author":[{"embeddable":true,"href":"http:\/\/www.aranyjanos.edu.rs\/sr\/wp-json\/wp\/v2\/users\/29"}],"replies":[{"embeddable":true,"href":"http:\/\/www.aranyjanos.edu.rs\/sr\/wp-json\/wp\/v2\/comments?post=8184"}],"version-history":[{"count":1,"href":"http:\/\/www.aranyjanos.edu.rs\/sr\/wp-json\/wp\/v2\/posts\/8184\/revisions"}],"predecessor-version":[{"id":8185,"href":"http:\/\/www.aranyjanos.edu.rs\/sr\/wp-json\/wp\/v2\/posts\/8184\/revisions\/8185"}],"wp:featuredmedia":[{"embeddable":true,"href":"http:\/\/www.aranyjanos.edu.rs\/sr\/wp-json\/wp\/v2\/media\/6998"}],"wp:attachment":[{"href":"http:\/\/www.aranyjanos.edu.rs\/sr\/wp-json\/wp\/v2\/media?parent=8184"}],"wp:term":[{"taxonomy":"category","embeddable":true,"href":"http:\/\/www.aranyjanos.edu.rs\/sr\/wp-json\/wp\/v2\/categories?post=8184"},{"taxonomy":"post_tag","embeddable":true,"href":"http:\/\/www.aranyjanos.edu.rs\/sr\/wp-json\/wp\/v2\/tags?post=8184"}],"curies":[{"name":"wp","href":"https:\/\/api.w.org\/{rel}","templated":true}]}}