{"id":8182,"date":"2025-04-16T11:34:00","date_gmt":"2025-04-16T10:34:00","guid":{"rendered":"http:\/\/www.aranyjanos.edu.rs\/sr\/?p=8182"},"modified":"2025-09-30T11:38:44","modified_gmt":"2025-09-30T10:38:44","slug":"obelezavanje-izbijanja-revolucije-1848-godine","status":"publish","type":"post","link":"http:\/\/www.aranyjanos.edu.rs\/sr\/2025\/04\/obelezavanje-izbijanja-revolucije-1848-godine\/","title":{"rendered":"Obele\u017eavanje izbijanja revolucije 1848. godine"},"content":{"rendered":"\n<p>14. marta smo u O\u0160 \u201eArany Jano\u0161\u201c u Tre\u0161njevcu obele\u017eili se\u0107anje na ma\u0111arsku revoluciju i oslobodila\u010dki rat iz 1848\/49. godine.<\/p>\n\n\n\n<figure class=\"wp-block-embed is-type-video is-provider-youtube wp-block-embed-youtube wp-embed-aspect-16-9 wp-has-aspect-ratio\"><div class=\"wp-block-embed__wrapper\">\n<iframe loading=\"lazy\" title=\"M\u00e1rcius 15. megeml\u00e9kez\u00e9s az Arany J\u00e1nos \u00c1ltal\u00e1nos Iskol\u00e1ban\" width=\"847\" height=\"476\" src=\"https:\/\/www.youtube.com\/embed\/gSwzLALIT_k?feature=oembed\" frameborder=\"0\" allow=\"accelerometer; autoplay; clipboard-write; encrypted-media; gyroscope; picture-in-picture; web-share\" referrerpolicy=\"strict-origin-when-cross-origin\" allowfullscreen><\/iframe>\n<\/div><\/figure>\n","protected":false},"excerpt":{"rendered":"<p>14. marta smo u O\u0160 \u201eArany Jano\u0161\u201c u Tre\u0161njevcu obele\u017eili se\u0107anje na ma\u0111arsku revoluciju i oslobodila\u010dki rat iz 1848\/49. godine.<\/p>\n","protected":false},"author":29,"featured_media":7014,"comment_status":"closed","ping_status":"closed","sticky":false,"template":"","format":"standard","meta":{"ngg_post_thumbnail":0,"footnotes":"","_links_to":"","_links_to_target":""},"categories":[1],"tags":[],"class_list":["post-8182","post","type-post","status-publish","format-standard","has-post-thumbnail","hentry","category-esemenyek","item-wrap"],"_links":{"self":[{"href":"http:\/\/www.aranyjanos.edu.rs\/sr\/wp-json\/wp\/v2\/posts\/8182","targetHints":{"allow":["GET"]}}],"collection":[{"href":"http:\/\/www.aranyjanos.edu.rs\/sr\/wp-json\/wp\/v2\/posts"}],"about":[{"href":"http:\/\/www.aranyjanos.edu.rs\/sr\/wp-json\/wp\/v2\/types\/post"}],"author":[{"embeddable":true,"href":"http:\/\/www.aranyjanos.edu.rs\/sr\/wp-json\/wp\/v2\/users\/29"}],"replies":[{"embeddable":true,"href":"http:\/\/www.aranyjanos.edu.rs\/sr\/wp-json\/wp\/v2\/comments?post=8182"}],"version-history":[{"count":1,"href":"http:\/\/www.aranyjanos.edu.rs\/sr\/wp-json\/wp\/v2\/posts\/8182\/revisions"}],"predecessor-version":[{"id":8183,"href":"http:\/\/www.aranyjanos.edu.rs\/sr\/wp-json\/wp\/v2\/posts\/8182\/revisions\/8183"}],"wp:featuredmedia":[{"embeddable":true,"href":"http:\/\/www.aranyjanos.edu.rs\/sr\/wp-json\/wp\/v2\/media\/7014"}],"wp:attachment":[{"href":"http:\/\/www.aranyjanos.edu.rs\/sr\/wp-json\/wp\/v2\/media?parent=8182"}],"wp:term":[{"taxonomy":"category","embeddable":true,"href":"http:\/\/www.aranyjanos.edu.rs\/sr\/wp-json\/wp\/v2\/categories?post=8182"},{"taxonomy":"post_tag","embeddable":true,"href":"http:\/\/www.aranyjanos.edu.rs\/sr\/wp-json\/wp\/v2\/tags?post=8182"}],"curies":[{"name":"wp","href":"https:\/\/api.w.org\/{rel}","templated":true}]}}