{"id":8172,"date":"2025-06-03T10:02:58","date_gmt":"2025-06-03T09:02:58","guid":{"rendered":"http:\/\/www.aranyjanos.edu.rs\/sr\/?p=8172"},"modified":"2025-09-30T10:07:20","modified_gmt":"2025-09-30T09:07:20","slug":"oprostaj-osmog-razreda","status":"publish","type":"post","link":"http:\/\/www.aranyjanos.edu.rs\/sr\/2025\/06\/oprostaj-osmog-razreda\/","title":{"rendered":"Opro\u0161taj osmog razreda"},"content":{"rendered":"\n<p>Na\u0161i maturanti su se 30. i 31. maja sve\u010danim programom oprostili od svoje \u0161kole. U\u010denicima osmog razreda je uru\u010dio diplome i nagrade direktor \u0161kole, Atila Vajda. Ove godine priznanje \u201eGeneracija godine\u201c osvojila je Vajdovi\u0107 Maja, a sa njim i nagradu \u2013 pametni sat. Na\u0161im maturantima \u017eelimo puno uspeha!<\/p>\n\n\n\n<figure class=\"wp-block-embed is-type-video is-provider-youtube wp-block-embed-youtube wp-embed-aspect-16-9 wp-has-aspect-ratio\"><div class=\"wp-block-embed__wrapper\">\n<iframe loading=\"lazy\" title=\"Ballag\u00e1s Oromhegyesen 2025\" width=\"847\" height=\"476\" src=\"https:\/\/www.youtube.com\/embed\/ibxbey7QP9s?feature=oembed\" frameborder=\"0\" allow=\"accelerometer; autoplay; clipboard-write; encrypted-media; gyroscope; picture-in-picture; web-share\" referrerpolicy=\"strict-origin-when-cross-origin\" allowfullscreen><\/iframe>\n<\/div><\/figure>\n\n\n\n<figure class=\"wp-block-embed is-type-video is-provider-youtube wp-block-embed-youtube wp-embed-aspect-16-9 wp-has-aspect-ratio\"><div class=\"wp-block-embed__wrapper\">\n<iframe loading=\"lazy\" title=\"Ballag\u00e1s Oromon 2025\" width=\"847\" height=\"476\" src=\"https:\/\/www.youtube.com\/embed\/qgfI2-jlmF4?feature=oembed\" frameborder=\"0\" allow=\"accelerometer; autoplay; clipboard-write; encrypted-media; gyroscope; picture-in-picture; web-share\" referrerpolicy=\"strict-origin-when-cross-origin\" allowfullscreen><\/iframe>\n<\/div><\/figure>\n","protected":false},"excerpt":{"rendered":"<p>Na\u0161i maturanti su se 30. i 31. maja sve\u010danim programom oprostili od svoje \u0161kole. U\u010denicima osmog razreda je uru\u010dio diplome i nagrade direktor \u0161kole, Atila Vajda. Ove godine priznanje \u201eGeneracija godine\u201c osvojila je Vajdovi\u0107 Maja, a sa njim i nagradu \u2013 pametni sat. Na\u0161im maturantima \u017eelimo puno uspeha!<\/p>\n","protected":false},"author":29,"featured_media":8173,"comment_status":"closed","ping_status":"closed","sticky":false,"template":"","format":"standard","meta":{"ngg_post_thumbnail":0,"footnotes":"","_links_to":"","_links_to_target":""},"categories":[1],"tags":[],"class_list":["post-8172","post","type-post","status-publish","format-standard","has-post-thumbnail","hentry","category-esemenyek","item-wrap"],"_links":{"self":[{"href":"http:\/\/www.aranyjanos.edu.rs\/sr\/wp-json\/wp\/v2\/posts\/8172","targetHints":{"allow":["GET"]}}],"collection":[{"href":"http:\/\/www.aranyjanos.edu.rs\/sr\/wp-json\/wp\/v2\/posts"}],"about":[{"href":"http:\/\/www.aranyjanos.edu.rs\/sr\/wp-json\/wp\/v2\/types\/post"}],"author":[{"embeddable":true,"href":"http:\/\/www.aranyjanos.edu.rs\/sr\/wp-json\/wp\/v2\/users\/29"}],"replies":[{"embeddable":true,"href":"http:\/\/www.aranyjanos.edu.rs\/sr\/wp-json\/wp\/v2\/comments?post=8172"}],"version-history":[{"count":1,"href":"http:\/\/www.aranyjanos.edu.rs\/sr\/wp-json\/wp\/v2\/posts\/8172\/revisions"}],"predecessor-version":[{"id":8174,"href":"http:\/\/www.aranyjanos.edu.rs\/sr\/wp-json\/wp\/v2\/posts\/8172\/revisions\/8174"}],"wp:featuredmedia":[{"embeddable":true,"href":"http:\/\/www.aranyjanos.edu.rs\/sr\/wp-json\/wp\/v2\/media\/8173"}],"wp:attachment":[{"href":"http:\/\/www.aranyjanos.edu.rs\/sr\/wp-json\/wp\/v2\/media?parent=8172"}],"wp:term":[{"taxonomy":"category","embeddable":true,"href":"http:\/\/www.aranyjanos.edu.rs\/sr\/wp-json\/wp\/v2\/categories?post=8172"},{"taxonomy":"post_tag","embeddable":true,"href":"http:\/\/www.aranyjanos.edu.rs\/sr\/wp-json\/wp\/v2\/tags?post=8172"}],"curies":[{"name":"wp","href":"https:\/\/api.w.org\/{rel}","templated":true}]}}