{"id":8167,"date":"2025-09-01T12:58:16","date_gmt":"2025-09-01T11:58:16","guid":{"rendered":"http:\/\/www.aranyjanos.edu.rs\/sr\/?p=8167"},"modified":"2025-09-29T13:01:03","modified_gmt":"2025-09-29T12:01:03","slug":"pocetak-skolske-2025-2026-godine","status":"publish","type":"post","link":"http:\/\/www.aranyjanos.edu.rs\/sr\/2025\/09\/pocetak-skolske-2025-2026-godine\/","title":{"rendered":"Po\u010detak \u0161kolske 2025\/2026. godine"},"content":{"rendered":"\n<p>     Prvog septembra je u sva tri objekta na\u0161e \u0161kole po\u010dela nova \u0161kolska godina. U\u010denici su kratkim priredbama do\u010dekali prvake, koje su svakoga odu[evili. U okviru sve\u010danog po\u010detka \u0161kolske godine podeljeni su i paketi sa \u0161kolskim priborom i torbe koje je obezbedio Ma\u0111arski nacionalni savet.<br>Svim u\u010denicima \u017eelimo uspe\u0161nu \u0161kolsku godinu!<\/p>\n\n\n\n<div class=\"wp-block-buttons is-content-justification-center is-layout-flex wp-container-core-buttons-is-layout-16018d1d wp-block-buttons-is-layout-flex\">\n<div class=\"wp-block-button\"><a class=\"wp-block-button__link has-background wp-element-button\" href=\"https:\/\/photos.app.goo.gl\/7cfYzrmECY1wSvqk9\" style=\"background-color:#681f0d\">Slike<\/a><\/div>\n<\/div>\n\n\n\n<p><\/p>\n","protected":false},"excerpt":{"rendered":"<p>Prvog septembra je u sva tri objekta na\u0161e \u0161kole po\u010dela nova \u0161kolska godina. U\u010denici su kratkim priredbama do\u010dekali prvake, koje su svakoga odu[evili. U okviru sve\u010danog po\u010detka \u0161kolske godine podeljeni su i paketi sa \u0161kolskim priborom i torbe koje je obezbedio Ma\u0111arski nacionalni savet.Svim u\u010denicima \u017eelimo uspe\u0161nu \u0161kolsku godinu!<\/p>\n","protected":false},"author":29,"featured_media":7818,"comment_status":"closed","ping_status":"closed","sticky":false,"template":"","format":"standard","meta":{"ngg_post_thumbnail":0,"footnotes":"","_links_to":"","_links_to_target":""},"categories":[1],"tags":[],"class_list":["post-8167","post","type-post","status-publish","format-standard","has-post-thumbnail","hentry","category-esemenyek","item-wrap"],"_links":{"self":[{"href":"http:\/\/www.aranyjanos.edu.rs\/sr\/wp-json\/wp\/v2\/posts\/8167","targetHints":{"allow":["GET"]}}],"collection":[{"href":"http:\/\/www.aranyjanos.edu.rs\/sr\/wp-json\/wp\/v2\/posts"}],"about":[{"href":"http:\/\/www.aranyjanos.edu.rs\/sr\/wp-json\/wp\/v2\/types\/post"}],"author":[{"embeddable":true,"href":"http:\/\/www.aranyjanos.edu.rs\/sr\/wp-json\/wp\/v2\/users\/29"}],"replies":[{"embeddable":true,"href":"http:\/\/www.aranyjanos.edu.rs\/sr\/wp-json\/wp\/v2\/comments?post=8167"}],"version-history":[{"count":1,"href":"http:\/\/www.aranyjanos.edu.rs\/sr\/wp-json\/wp\/v2\/posts\/8167\/revisions"}],"predecessor-version":[{"id":8168,"href":"http:\/\/www.aranyjanos.edu.rs\/sr\/wp-json\/wp\/v2\/posts\/8167\/revisions\/8168"}],"wp:featuredmedia":[{"embeddable":true,"href":"http:\/\/www.aranyjanos.edu.rs\/sr\/wp-json\/wp\/v2\/media\/7818"}],"wp:attachment":[{"href":"http:\/\/www.aranyjanos.edu.rs\/sr\/wp-json\/wp\/v2\/media?parent=8167"}],"wp:term":[{"taxonomy":"category","embeddable":true,"href":"http:\/\/www.aranyjanos.edu.rs\/sr\/wp-json\/wp\/v2\/categories?post=8167"},{"taxonomy":"post_tag","embeddable":true,"href":"http:\/\/www.aranyjanos.edu.rs\/sr\/wp-json\/wp\/v2\/tags?post=8167"}],"curies":[{"name":"wp","href":"https:\/\/api.w.org\/{rel}","templated":true}]}}