{"id":8164,"date":"2025-09-19T12:54:00","date_gmt":"2025-09-19T11:54:00","guid":{"rendered":"http:\/\/www.aranyjanos.edu.rs\/sr\/?p=8164"},"modified":"2025-09-29T12:57:56","modified_gmt":"2025-09-29T11:57:56","slug":"evropska-nedelja-mobilnosti-2025","status":"publish","type":"post","link":"http:\/\/www.aranyjanos.edu.rs\/sr\/2025\/09\/evropska-nedelja-mobilnosti-2025\/","title":{"rendered":"Evropska nedelja mobilnosti 2025."},"content":{"rendered":"\n<p>     U duhu Evropske nedelje mobilnosti u\u010denici na\u0161e \u0161kole su tokom cele nedelje u\u010destvovali u raznim aktivnostima \u010diji je cilj bio popularizacija ekolo\u0161ki svesnog saobra\u0107aja i va\u017enosti fizi\u010dke aktivnosti. Me\u0111u programima su bile muzi\u010dke ve\u017ebe, \u0161etnja, ples, crtanje po betonu, bojenje, potezanje konopca i \u201e\u017emurke\u201c.<\/p>\n\n\n\n<div class=\"wp-block-buttons is-content-justification-center is-layout-flex wp-container-core-buttons-is-layout-16018d1d wp-block-buttons-is-layout-flex\">\n<div class=\"wp-block-button\"><a class=\"wp-block-button__link has-background wp-element-button\" href=\"https:\/\/photos.app.goo.gl\/tUvchNwHW6yMx9Fr8\" style=\"background-color:#681f0d\">Slike<\/a><\/div>\n<\/div>\n","protected":false},"excerpt":{"rendered":"<p>U duhu Evropske nedelje mobilnosti u\u010denici na\u0161e \u0161kole su tokom cele nedelje u\u010destvovali u raznim aktivnostima \u010diji je cilj bio popularizacija ekolo\u0161ki svesnog saobra\u0107aja i va\u017enosti fizi\u010dke aktivnosti. Me\u0111u programima su bile muzi\u010dke ve\u017ebe, \u0161etnja, ples, crtanje po betonu, bojenje, potezanje konopca i \u201e\u017emurke\u201c.<\/p>\n","protected":false},"author":29,"featured_media":8165,"comment_status":"closed","ping_status":"closed","sticky":false,"template":"","format":"standard","meta":{"ngg_post_thumbnail":0,"footnotes":"","_links_to":"","_links_to_target":""},"categories":[1],"tags":[],"class_list":["post-8164","post","type-post","status-publish","format-standard","has-post-thumbnail","hentry","category-esemenyek","item-wrap"],"_links":{"self":[{"href":"http:\/\/www.aranyjanos.edu.rs\/sr\/wp-json\/wp\/v2\/posts\/8164","targetHints":{"allow":["GET"]}}],"collection":[{"href":"http:\/\/www.aranyjanos.edu.rs\/sr\/wp-json\/wp\/v2\/posts"}],"about":[{"href":"http:\/\/www.aranyjanos.edu.rs\/sr\/wp-json\/wp\/v2\/types\/post"}],"author":[{"embeddable":true,"href":"http:\/\/www.aranyjanos.edu.rs\/sr\/wp-json\/wp\/v2\/users\/29"}],"replies":[{"embeddable":true,"href":"http:\/\/www.aranyjanos.edu.rs\/sr\/wp-json\/wp\/v2\/comments?post=8164"}],"version-history":[{"count":1,"href":"http:\/\/www.aranyjanos.edu.rs\/sr\/wp-json\/wp\/v2\/posts\/8164\/revisions"}],"predecessor-version":[{"id":8166,"href":"http:\/\/www.aranyjanos.edu.rs\/sr\/wp-json\/wp\/v2\/posts\/8164\/revisions\/8166"}],"wp:featuredmedia":[{"embeddable":true,"href":"http:\/\/www.aranyjanos.edu.rs\/sr\/wp-json\/wp\/v2\/media\/8165"}],"wp:attachment":[{"href":"http:\/\/www.aranyjanos.edu.rs\/sr\/wp-json\/wp\/v2\/media?parent=8164"}],"wp:term":[{"taxonomy":"category","embeddable":true,"href":"http:\/\/www.aranyjanos.edu.rs\/sr\/wp-json\/wp\/v2\/categories?post=8164"},{"taxonomy":"post_tag","embeddable":true,"href":"http:\/\/www.aranyjanos.edu.rs\/sr\/wp-json\/wp\/v2\/tags?post=8164"}],"curies":[{"name":"wp","href":"https:\/\/api.w.org\/{rel}","templated":true}]}}