{"id":8160,"date":"2025-09-23T12:41:19","date_gmt":"2025-09-23T11:41:19","guid":{"rendered":"http:\/\/www.aranyjanos.edu.rs\/sr\/?p=8160"},"modified":"2025-09-29T12:53:31","modified_gmt":"2025-09-29T11:53:31","slug":"poklon-bicikl","status":"publish","type":"post","link":"http:\/\/www.aranyjanos.edu.rs\/sr\/2025\/09\/poklon-bicikl\/","title":{"rendered":"Poklon bicikl"},"content":{"rendered":"\n<p>     Op\u0161tina Kanji\u017ea se i ove godine pridru\u017eila Evropskoj nedelji mobilnosti. Tom prilikom su 19. septembra poklonjeni bicikli u\u010denicima obrazovnih ustanova u op\u0161tini. <\/p>\n\n\n\n<p>     Iz na\u0161e \u0161kole sre\u0107a je pratila \u010detvoro u\u010denika: Igor Tesli\u0107 II-1, Zoe Vajda III-2, Bala\u017e Po\u0161a V-2 i Nata\u0161a Kova\u010di\u0107 I-2.<\/p>\n\n\n\n<div class=\"wp-block-buttons is-content-justification-center is-layout-flex wp-container-core-buttons-is-layout-16018d1d wp-block-buttons-is-layout-flex\">\n<div class=\"wp-block-button\"><a class=\"wp-block-button__link has-text-align-center wp-element-button\" href=\"https:\/\/photos.app.goo.gl\/vmgsrn7EiW6YR4kH7\">Slike <\/a><\/div>\n<\/div>\n\n\n\n<p><\/p>\n","protected":false},"excerpt":{"rendered":"<p>Op\u0161tina Kanji\u017ea se i ove godine pridru\u017eila Evropskoj nedelji mobilnosti. Tom prilikom su 19. septembra poklonjeni bicikli u\u010denicima obrazovnih ustanova u op\u0161tini. Iz na\u0161e \u0161kole sre\u0107a je pratila \u010detvoro u\u010denika: Igor Tesli\u0107 II-1, Zoe Vajda III-2, Bala\u017e Po\u0161a V-2 i Nata\u0161a Kova\u010di\u0107 I-2.<\/p>\n","protected":false},"author":29,"featured_media":8162,"comment_status":"closed","ping_status":"closed","sticky":false,"template":"","format":"standard","meta":{"ngg_post_thumbnail":0,"footnotes":"","_links_to":"","_links_to_target":""},"categories":[1],"tags":[],"class_list":["post-8160","post","type-post","status-publish","format-standard","has-post-thumbnail","hentry","category-esemenyek","item-wrap"],"_links":{"self":[{"href":"http:\/\/www.aranyjanos.edu.rs\/sr\/wp-json\/wp\/v2\/posts\/8160","targetHints":{"allow":["GET"]}}],"collection":[{"href":"http:\/\/www.aranyjanos.edu.rs\/sr\/wp-json\/wp\/v2\/posts"}],"about":[{"href":"http:\/\/www.aranyjanos.edu.rs\/sr\/wp-json\/wp\/v2\/types\/post"}],"author":[{"embeddable":true,"href":"http:\/\/www.aranyjanos.edu.rs\/sr\/wp-json\/wp\/v2\/users\/29"}],"replies":[{"embeddable":true,"href":"http:\/\/www.aranyjanos.edu.rs\/sr\/wp-json\/wp\/v2\/comments?post=8160"}],"version-history":[{"count":2,"href":"http:\/\/www.aranyjanos.edu.rs\/sr\/wp-json\/wp\/v2\/posts\/8160\/revisions"}],"predecessor-version":[{"id":8163,"href":"http:\/\/www.aranyjanos.edu.rs\/sr\/wp-json\/wp\/v2\/posts\/8160\/revisions\/8163"}],"wp:featuredmedia":[{"embeddable":true,"href":"http:\/\/www.aranyjanos.edu.rs\/sr\/wp-json\/wp\/v2\/media\/8162"}],"wp:attachment":[{"href":"http:\/\/www.aranyjanos.edu.rs\/sr\/wp-json\/wp\/v2\/media?parent=8160"}],"wp:term":[{"taxonomy":"category","embeddable":true,"href":"http:\/\/www.aranyjanos.edu.rs\/sr\/wp-json\/wp\/v2\/categories?post=8160"},{"taxonomy":"post_tag","embeddable":true,"href":"http:\/\/www.aranyjanos.edu.rs\/sr\/wp-json\/wp\/v2\/tags?post=8160"}],"curies":[{"name":"wp","href":"https:\/\/api.w.org\/{rel}","templated":true}]}}